{"id":1387,"date":"2014-03-25T22:00:29","date_gmt":"2014-03-25T21:00:29","guid":{"rendered":"http:\/\/www.unicoda.com\/?p=1387"},"modified":"2019-01-31T16:04:51","modified_gmt":"2019-01-31T15:04:51","slug":"citations-2","status":"publish","type":"post","link":"https:\/\/www.unicoda.com\/?p=1387","title":{"rendered":"Citations [2] &#8211; Michael Ende"},"content":{"rendered":"<blockquote><p>\u00ab La passion de Bastien Balthazar Bux, c&rsquo;\u00e9tait les livres. Qui n&rsquo;a jamais pass\u00e9 tout un apr\u00e8s-midi sur un livre, les oreilles en feux et les cheveux en bataille, \u00e0 lire et lire encore, oublieux du monde alentour, insensible \u00e0 la faim et au froid &#8211;<\/p>\n<p>Qui n&rsquo;a jamais lu en cachette, sous sa couverture, \u00e0 la lueur d&rsquo;une lampe de poche, parce qu&rsquo;un p\u00e8re ou une m\u00e8re ou quelque personne bien intentionn\u00e9e avait \u00e9teint la lumi\u00e8re, dans l&rsquo;id\u00e9e louable que le moment \u00e9tait maintenant venu de dormir puisque demain il faudrait se lever t\u00f4t. &#8211;<\/p>\n<p>Qui n&rsquo;a jamais vers\u00e9, ouvertement ou en secret, des larmes am\u00e8res en voyant se terminer une merveilleuse histoire et en sachant qu&rsquo;il allait falloir prendre cong\u00e9 des \u00eatres avec lesquels on avait partag\u00e9 tant d&rsquo;aventures, que l&rsquo;on aimait et admirait, pour qui l&rsquo;on avait trembl\u00e9 et esp\u00e9r\u00e9, et sans la compagnie desquels la vie allait para\u00eetre vide et d\u00e9nu\u00e9e de sens &#8211;<\/p>\n<p>Celui qui n&rsquo;a pas fait lui-m\u00eame l&rsquo;exp\u00e9rience de tout cela ne comprendra visiblement pas le geste de Bastien. \u00bb<\/p><\/blockquote>\n<p style=\"text-align: right;\"><em>L&rsquo;Histoire sans fin<\/em>, Michael Ende<\/p>\n","protected":false},"excerpt":{"rendered":"<p>\u00ab La passion de Bastien Balthazar Bux, c&rsquo;\u00e9tait les livres. Qui n&rsquo;a jamais pass\u00e9 tout un apr\u00e8s-midi sur un livre, les oreilles en feux et les cheveux en bataille, \u00e0 lire et lire encore, oublieux du monde alentour, insensible \u00e0 la faim et au froid &#8211; Qui n&rsquo;a jamais lu en cachette, sous sa couverture, &hellip; <a href=\"https:\/\/www.unicoda.com\/?p=1387\" class=\"more-link\">Continuer la lecture<span class=\"screen-reader-text\"> de &laquo;&nbsp;Citations [2] &#8211; Michael Ende&nbsp;&raquo;<\/span><\/a><\/p>\n","protected":false},"author":1,"featured_media":0,"comment_status":"open","ping_status":"open","sticky":false,"template":"","format":"quote","meta":{"footnotes":""},"categories":[401],"tags":[],"class_list":["post-1387","post","type-post","status-publish","format-quote","hentry","category-citations","post_format-post-format-quote"],"_links":{"self":[{"href":"https:\/\/www.unicoda.com\/index.php?rest_route=\/wp\/v2\/posts\/1387","targetHints":{"allow":["GET"]}}],"collection":[{"href":"https:\/\/www.unicoda.com\/index.php?rest_route=\/wp\/v2\/posts"}],"about":[{"href":"https:\/\/www.unicoda.com\/index.php?rest_route=\/wp\/v2\/types\/post"}],"author":[{"embeddable":true,"href":"https:\/\/www.unicoda.com\/index.php?rest_route=\/wp\/v2\/users\/1"}],"replies":[{"embeddable":true,"href":"https:\/\/www.unicoda.com\/index.php?rest_route=%2Fwp%2Fv2%2Fcomments&post=1387"}],"version-history":[{"count":8,"href":"https:\/\/www.unicoda.com\/index.php?rest_route=\/wp\/v2\/posts\/1387\/revisions"}],"predecessor-version":[{"id":2199,"href":"https:\/\/www.unicoda.com\/index.php?rest_route=\/wp\/v2\/posts\/1387\/revisions\/2199"}],"wp:attachment":[{"href":"https:\/\/www.unicoda.com\/index.php?rest_route=%2Fwp%2Fv2%2Fmedia&parent=1387"}],"wp:term":[{"taxonomy":"category","embeddable":true,"href":"https:\/\/www.unicoda.com\/index.php?rest_route=%2Fwp%2Fv2%2Fcategories&post=1387"},{"taxonomy":"post_tag","embeddable":true,"href":"https:\/\/www.unicoda.com\/index.php?rest_route=%2Fwp%2Fv2%2Ftags&post=1387"}],"curies":[{"name":"wp","href":"https:\/\/api.w.org\/{rel}","templated":true}]}}